{"id":6030,"date":"2024-08-19T08:47:14","date_gmt":"2024-08-19T08:47:14","guid":{"rendered":"https:\/\/mitrovicagreenfest.com\/?p=6030"},"modified":"2024-08-26T10:35:38","modified_gmt":"2024-08-26T10:35:38","slug":"green-fest-14-perfundon-me-sukses","status":"publish","type":"post","link":"https:\/\/mitrovicagreenfest.com\/sq\/green-fest-14-perfundon-me-sukses\/","title":{"rendered":"Green Fest 14 p\u00ebrfundon me sukses"},"content":{"rendered":"\n<p>Pas pes\u00eb dit\u00ebve t\u00eb mbushura me aktivitete t\u00eb shumta, diskutime t\u00eb frytshme dhe nj\u00eb atmosfer\u00eb festive, edicioni i 14-t\u00eb i Green Fest ka p\u00ebrfunduar me sukses t\u00eb plot\u00eb. K\u00ebt\u00eb vit, festivali iu ishte dedikuar tem\u00ebs &#8220;Lum Na&#8221; , duke u fokusuar n\u00eb r\u00ebnd\u00ebsin\u00eb e mbrojtjes s\u00eb lumenjve dhe uj\u00ebrave p\u00ebr nj\u00eb t\u00eb ardhme t\u00eb q\u00ebndrueshme.Green Fest, i cili u mbajt n\u00eb Parkun e Qytetit t\u00eb Mitrovic\u00ebs, mblodhi s\u00eb bashku mij\u00ebra pjes\u00ebmarr\u00ebs, p\u00ebrfshir\u00eb p\u00ebrfaq\u00ebsues t\u00eb shoq\u00ebris\u00eb civile, artist\u00eb, aktivist\u00eb mjedisor\u00eb, dhe qytetar\u00eb t\u00eb interesuar p\u00ebr \u00e7\u00ebshtjet e mjedisit. Pjes\u00ebmarr\u00ebsit pat\u00ebn mund\u00ebsin\u00eb t\u00eb ndjekin panele diskutimi, pun\u00ebtori krijuese, ekspozit\u00eb fotografie, film dokumetar dhe performanca muzikore, t\u00eb gjitha t\u00eb frym\u00ebzuara nga nevoja p\u00ebr t\u00eb mbrojtur mjedisin dhe p\u00ebr t\u00eb rritur nd\u00ebrgjegj\u00ebsimin p\u00ebr ndotjen e lumenjve.<\/p>\n\n\n\n<p><\/p>\n\n\n\n<p>Drejtori i festivalit Lulzim Hoti, shprehu mir\u00ebnjohjen e tij p\u00ebr gjith\u00eb ekipin organizues dhe pjes\u00ebmarr\u00ebsit, duke theksuar se ky edicion sh\u00ebnoi nj\u00eb hap t\u00eb r\u00ebnd\u00ebsish\u00ebm p\u00ebrpara n\u00eb p\u00ebrpjekjet p\u00ebr sensibilizimin e publikut mbi \u00e7\u00ebshtjet mjedisore. \u201cShpresojm\u00eb q\u00eb mesazhet e k\u00ebtij festivali t\u00eb vazhdojn\u00eb t\u00eb ndikojn\u00eb pozitivisht n\u00eb komunitetin ton\u00eb edhe pas p\u00ebrfundimit t\u00eb tij,\u201d tha ai.<\/p>\n\n\n\n<p><\/p>\n\n\n\n<p>Ky edicion i festivalit, kryesisht u mb\u00ebshtet nga Fondi p\u00ebr Zhvillim Komunitar (CDF) p\u00ebrmes Ambasad\u00ebs s\u00eb Suedis\u00eb n\u00eb Prishtin\u00eb, Komuna e Mitrovic\u00ebs e MKRS &#8211; Republika e Kosov\u00ebs. Green Fest mbetet nj\u00eb platform\u00eb e r\u00ebnd\u00ebsishme p\u00ebr t\u00eb nxitur diskutime dhe veprime q\u00eb mbrojn\u00eb mjedisin dhe promovojn\u00eb zhvillimin e q\u00ebndruesh\u00ebm n\u00eb Kosov\u00eb.<\/p>\n","protected":false},"excerpt":{"rendered":"<p>Pas pes\u00eb dit\u00ebve t\u00eb mbushura me aktivitete t\u00eb shumta, diskutime t\u00eb frytshme dhe nj\u00eb atmosfer\u00eb festive, edicioni i 14-t\u00eb i Green Fest ka p\u00ebrfunduar me sukses t\u00eb plot\u00eb. K\u00ebt\u00eb vit, festivali iu ishte dedikuar tem\u00ebs &#8220;Lum Na&#8221; , duke [&hellip;]<\/p>\n","protected":false},"author":4,"featured_media":6031,"comment_status":"closed","ping_status":"open","sticky":false,"template":"","format":"standard","meta":{"footnotes":""},"categories":[107],"tags":[],"class_list":["post-6030","post","type-post","status-publish","format-standard","has-post-thumbnail","hentry","category-lajme"],"yoast_head":"<!-- This site is optimized with the Yoast SEO plugin v27.4 - https:\/\/yoast.com\/product\/yoast-seo-wordpress\/ -->\n<title>Green Fest 14 p\u00ebrfundon me sukses - GreenFest<\/title>\n<meta name=\"robots\" content=\"index, follow, max-snippet:-1, max-image-preview:large, max-video-preview:-1\" \/>\n<link rel=\"canonical\" href=\"https:\/\/mitrovicagreenfest.com\/sq\/green-fest-14-perfundon-me-sukses\/\" \/>\n<meta property=\"og:locale\" content=\"sq_AL\" \/>\n<meta property=\"og:type\" content=\"article\" \/>\n<meta property=\"og:title\" content=\"Green Fest 14 p\u00ebrfundon me sukses - GreenFest\" \/>\n<meta property=\"og:description\" content=\"Pas pes\u00eb dit\u00ebve t\u00eb mbushura me aktivitete t\u00eb shumta, diskutime t\u00eb frytshme dhe nj\u00eb atmosfer\u00eb festive, edicioni i 14-t\u00eb i Green Fest ka p\u00ebrfunduar me sukses t\u00eb plot\u00eb. K\u00ebt\u00eb vit, festivali iu ishte dedikuar tem\u00ebs &#8220;Lum Na&#8221; , duke [&hellip;]\" \/>\n<meta property=\"og:url\" content=\"https:\/\/mitrovicagreenfest.com\/sq\/green-fest-14-perfundon-me-sukses\/\" \/>\n<meta property=\"og:site_name\" content=\"GreenFest\" \/>\n<meta property=\"article:publisher\" content=\"https:\/\/www.facebook.com\/GreenFestt\" \/>\n<meta property=\"article:published_time\" content=\"2024-08-19T08:47:14+00:00\" \/>\n<meta property=\"article:modified_time\" content=\"2024-08-26T10:35:38+00:00\" \/>\n<meta property=\"og:image\" content=\"https:\/\/mitrovicagreenfest.com\/wp-content\/uploads\/2024\/08\/per-web-min.jpg\" \/>\n\t<meta property=\"og:image:width\" content=\"2500\" \/>\n\t<meta property=\"og:image:height\" content=\"1667\" \/>\n\t<meta property=\"og:image:type\" content=\"image\/jpeg\" \/>\n<meta name=\"author\" content=\"Green Fest\" \/>\n<meta name=\"twitter:card\" content=\"summary_large_image\" \/>\n<meta name=\"twitter:label1\" content=\"Written by\" \/>\n\t<meta name=\"twitter:data1\" content=\"Green Fest\" \/>\n\t<meta name=\"twitter:label2\" content=\"Est. reading time\" \/>\n\t<meta name=\"twitter:data2\" content=\"1 minute\" \/>\n<script type=\"application\/ld+json\" class=\"yoast-schema-graph\">{\"@context\":\"https:\\\/\\\/schema.org\",\"@graph\":[{\"@type\":\"Article\",\"@id\":\"https:\\\/\\\/mitrovicagreenfest.com\\\/sq\\\/green-fest-14-perfundon-me-sukses\\\/#article\",\"isPartOf\":{\"@id\":\"https:\\\/\\\/mitrovicagreenfest.com\\\/sq\\\/green-fest-14-perfundon-me-sukses\\\/\"},\"author\":{\"name\":\"Green Fest\",\"@id\":\"https:\\\/\\\/mitrovicagreenfest.com\\\/sq\\\/#\\\/schema\\\/person\\\/fe9156bc01373ef561158e295036c4e6\"},\"headline\":\"Green Fest 14 p\u00ebrfundon me sukses\",\"datePublished\":\"2024-08-19T08:47:14+00:00\",\"dateModified\":\"2024-08-26T10:35:38+00:00\",\"mainEntityOfPage\":{\"@id\":\"https:\\\/\\\/mitrovicagreenfest.com\\\/sq\\\/green-fest-14-perfundon-me-sukses\\\/\"},\"wordCount\":288,\"publisher\":{\"@id\":\"https:\\\/\\\/mitrovicagreenfest.com\\\/sq\\\/#organization\"},\"image\":{\"@id\":\"https:\\\/\\\/mitrovicagreenfest.com\\\/sq\\\/green-fest-14-perfundon-me-sukses\\\/#primaryimage\"},\"thumbnailUrl\":\"https:\\\/\\\/mitrovicagreenfest.com\\\/wp-content\\\/uploads\\\/2024\\\/08\\\/per-web-min.jpg\",\"articleSection\":[\"Lajme\"],\"inLanguage\":\"sq-AL\"},{\"@type\":\"WebPage\",\"@id\":\"https:\\\/\\\/mitrovicagreenfest.com\\\/sq\\\/green-fest-14-perfundon-me-sukses\\\/\",\"url\":\"https:\\\/\\\/mitrovicagreenfest.com\\\/sq\\\/green-fest-14-perfundon-me-sukses\\\/\",\"name\":\"Green Fest 14 p\u00ebrfundon me sukses - GreenFest\",\"isPartOf\":{\"@id\":\"https:\\\/\\\/mitrovicagreenfest.com\\\/sq\\\/#website\"},\"primaryImageOfPage\":{\"@id\":\"https:\\\/\\\/mitrovicagreenfest.com\\\/sq\\\/green-fest-14-perfundon-me-sukses\\\/#primaryimage\"},\"image\":{\"@id\":\"https:\\\/\\\/mitrovicagreenfest.com\\\/sq\\\/green-fest-14-perfundon-me-sukses\\\/#primaryimage\"},\"thumbnailUrl\":\"https:\\\/\\\/mitrovicagreenfest.com\\\/wp-content\\\/uploads\\\/2024\\\/08\\\/per-web-min.jpg\",\"datePublished\":\"2024-08-19T08:47:14+00:00\",\"dateModified\":\"2024-08-26T10:35:38+00:00\",\"breadcrumb\":{\"@id\":\"https:\\\/\\\/mitrovicagreenfest.com\\\/sq\\\/green-fest-14-perfundon-me-sukses\\\/#breadcrumb\"},\"inLanguage\":\"sq-AL\",\"potentialAction\":[{\"@type\":\"ReadAction\",\"target\":[\"https:\\\/\\\/mitrovicagreenfest.com\\\/sq\\\/green-fest-14-perfundon-me-sukses\\\/\"]}]},{\"@type\":\"ImageObject\",\"inLanguage\":\"sq-AL\",\"@id\":\"https:\\\/\\\/mitrovicagreenfest.com\\\/sq\\\/green-fest-14-perfundon-me-sukses\\\/#primaryimage\",\"url\":\"https:\\\/\\\/mitrovicagreenfest.com\\\/wp-content\\\/uploads\\\/2024\\\/08\\\/per-web-min.jpg\",\"contentUrl\":\"https:\\\/\\\/mitrovicagreenfest.com\\\/wp-content\\\/uploads\\\/2024\\\/08\\\/per-web-min.jpg\",\"width\":2500,\"height\":1667},{\"@type\":\"BreadcrumbList\",\"@id\":\"https:\\\/\\\/mitrovicagreenfest.com\\\/sq\\\/green-fest-14-perfundon-me-sukses\\\/#breadcrumb\",\"itemListElement\":[{\"@type\":\"ListItem\",\"position\":1,\"name\":\"Home\",\"item\":\"https:\\\/\\\/mitrovicagreenfest.com\\\/sq\\\/faqja-kryesore\\\/\"},{\"@type\":\"ListItem\",\"position\":2,\"name\":\"Green Fest 14 p\u00ebrfundon me sukses\"}]},{\"@type\":\"WebSite\",\"@id\":\"https:\\\/\\\/mitrovicagreenfest.com\\\/sq\\\/#website\",\"url\":\"https:\\\/\\\/mitrovicagreenfest.com\\\/sq\\\/\",\"name\":\"GreenFest\",\"description\":\"The festival of the year.\",\"publisher\":{\"@id\":\"https:\\\/\\\/mitrovicagreenfest.com\\\/sq\\\/#organization\"},\"potentialAction\":[{\"@type\":\"SearchAction\",\"target\":{\"@type\":\"EntryPoint\",\"urlTemplate\":\"https:\\\/\\\/mitrovicagreenfest.com\\\/sq\\\/?s={search_term_string}\"},\"query-input\":{\"@type\":\"PropertyValueSpecification\",\"valueRequired\":true,\"valueName\":\"search_term_string\"}}],\"inLanguage\":\"sq-AL\"},{\"@type\":\"Organization\",\"@id\":\"https:\\\/\\\/mitrovicagreenfest.com\\\/sq\\\/#organization\",\"name\":\"GreenFest\",\"url\":\"https:\\\/\\\/mitrovicagreenfest.com\\\/sq\\\/\",\"logo\":{\"@type\":\"ImageObject\",\"inLanguage\":\"sq-AL\",\"@id\":\"https:\\\/\\\/mitrovicagreenfest.com\\\/sq\\\/#\\\/schema\\\/logo\\\/image\\\/\",\"url\":\"https:\\\/\\\/mitrovicagreenfest.com\\\/wp-content\\\/uploads\\\/2019\\\/02\\\/greenfest-darkaa.png\",\"contentUrl\":\"https:\\\/\\\/mitrovicagreenfest.com\\\/wp-content\\\/uploads\\\/2019\\\/02\\\/greenfest-darkaa.png\",\"width\":400,\"height\":402,\"caption\":\"GreenFest\"},\"image\":{\"@id\":\"https:\\\/\\\/mitrovicagreenfest.com\\\/sq\\\/#\\\/schema\\\/logo\\\/image\\\/\"},\"sameAs\":[\"https:\\\/\\\/www.facebook.com\\\/GreenFestt\",\"https:\\\/\\\/www.instagram.com\\\/greenfest.13\\\/\",\"https:\\\/\\\/www.youtube.com\\\/@greenfestival9066\"]},{\"@type\":\"Person\",\"@id\":\"https:\\\/\\\/mitrovicagreenfest.com\\\/sq\\\/#\\\/schema\\\/person\\\/fe9156bc01373ef561158e295036c4e6\",\"name\":\"Green Fest\",\"image\":{\"@type\":\"ImageObject\",\"inLanguage\":\"sq-AL\",\"@id\":\"https:\\\/\\\/secure.gravatar.com\\\/avatar\\\/ef299f41eadc167fc497d476ed6adb3b7a5ea0972274fc5a6c3ee8ded5892ceb?s=96&d=mm&r=g\",\"url\":\"https:\\\/\\\/secure.gravatar.com\\\/avatar\\\/ef299f41eadc167fc497d476ed6adb3b7a5ea0972274fc5a6c3ee8ded5892ceb?s=96&d=mm&r=g\",\"contentUrl\":\"https:\\\/\\\/secure.gravatar.com\\\/avatar\\\/ef299f41eadc167fc497d476ed6adb3b7a5ea0972274fc5a6c3ee8ded5892ceb?s=96&d=mm&r=g\",\"caption\":\"Green Fest\"},\"sameAs\":[\"http:\\\/\\\/www.mitrovicagreenfest.com\"],\"url\":\"https:\\\/\\\/mitrovicagreenfest.com\\\/sq\\\/author\\\/diellzajelliqi\\\/\"}]}<\/script>\n<!-- \/ Yoast SEO plugin. -->","yoast_head_json":{"title":"Green Fest 14 p\u00ebrfundon me sukses - GreenFest","robots":{"index":"index","follow":"follow","max-snippet":"max-snippet:-1","max-image-preview":"max-image-preview:large","max-video-preview":"max-video-preview:-1"},"canonical":"https:\/\/mitrovicagreenfest.com\/sq\/green-fest-14-perfundon-me-sukses\/","og_locale":"sq_AL","og_type":"article","og_title":"Green Fest 14 p\u00ebrfundon me sukses - GreenFest","og_description":"Pas pes\u00eb dit\u00ebve t\u00eb mbushura me aktivitete t\u00eb shumta, diskutime t\u00eb frytshme dhe nj\u00eb atmosfer\u00eb festive, edicioni i 14-t\u00eb i Green Fest ka p\u00ebrfunduar me sukses t\u00eb plot\u00eb. K\u00ebt\u00eb vit, festivali iu ishte dedikuar tem\u00ebs &#8220;Lum Na&#8221; , duke [&hellip;]","og_url":"https:\/\/mitrovicagreenfest.com\/sq\/green-fest-14-perfundon-me-sukses\/","og_site_name":"GreenFest","article_publisher":"https:\/\/www.facebook.com\/GreenFestt","article_published_time":"2024-08-19T08:47:14+00:00","article_modified_time":"2024-08-26T10:35:38+00:00","og_image":[{"width":2500,"height":1667,"url":"https:\/\/mitrovicagreenfest.com\/wp-content\/uploads\/2024\/08\/per-web-min.jpg","type":"image\/jpeg"}],"author":"Green Fest","twitter_card":"summary_large_image","twitter_misc":{"Written by":"Green Fest","Est. reading time":"1 minute"},"schema":{"@context":"https:\/\/schema.org","@graph":[{"@type":"Article","@id":"https:\/\/mitrovicagreenfest.com\/sq\/green-fest-14-perfundon-me-sukses\/#article","isPartOf":{"@id":"https:\/\/mitrovicagreenfest.com\/sq\/green-fest-14-perfundon-me-sukses\/"},"author":{"name":"Green Fest","@id":"https:\/\/mitrovicagreenfest.com\/sq\/#\/schema\/person\/fe9156bc01373ef561158e295036c4e6"},"headline":"Green Fest 14 p\u00ebrfundon me sukses","datePublished":"2024-08-19T08:47:14+00:00","dateModified":"2024-08-26T10:35:38+00:00","mainEntityOfPage":{"@id":"https:\/\/mitrovicagreenfest.com\/sq\/green-fest-14-perfundon-me-sukses\/"},"wordCount":288,"publisher":{"@id":"https:\/\/mitrovicagreenfest.com\/sq\/#organization"},"image":{"@id":"https:\/\/mitrovicagreenfest.com\/sq\/green-fest-14-perfundon-me-sukses\/#primaryimage"},"thumbnailUrl":"https:\/\/mitrovicagreenfest.com\/wp-content\/uploads\/2024\/08\/per-web-min.jpg","articleSection":["Lajme"],"inLanguage":"sq-AL"},{"@type":"WebPage","@id":"https:\/\/mitrovicagreenfest.com\/sq\/green-fest-14-perfundon-me-sukses\/","url":"https:\/\/mitrovicagreenfest.com\/sq\/green-fest-14-perfundon-me-sukses\/","name":"Green Fest 14 p\u00ebrfundon me sukses - GreenFest","isPartOf":{"@id":"https:\/\/mitrovicagreenfest.com\/sq\/#website"},"primaryImageOfPage":{"@id":"https:\/\/mitrovicagreenfest.com\/sq\/green-fest-14-perfundon-me-sukses\/#primaryimage"},"image":{"@id":"https:\/\/mitrovicagreenfest.com\/sq\/green-fest-14-perfundon-me-sukses\/#primaryimage"},"thumbnailUrl":"https:\/\/mitrovicagreenfest.com\/wp-content\/uploads\/2024\/08\/per-web-min.jpg","datePublished":"2024-08-19T08:47:14+00:00","dateModified":"2024-08-26T10:35:38+00:00","breadcrumb":{"@id":"https:\/\/mitrovicagreenfest.com\/sq\/green-fest-14-perfundon-me-sukses\/#breadcrumb"},"inLanguage":"sq-AL","potentialAction":[{"@type":"ReadAction","target":["https:\/\/mitrovicagreenfest.com\/sq\/green-fest-14-perfundon-me-sukses\/"]}]},{"@type":"ImageObject","inLanguage":"sq-AL","@id":"https:\/\/mitrovicagreenfest.com\/sq\/green-fest-14-perfundon-me-sukses\/#primaryimage","url":"https:\/\/mitrovicagreenfest.com\/wp-content\/uploads\/2024\/08\/per-web-min.jpg","contentUrl":"https:\/\/mitrovicagreenfest.com\/wp-content\/uploads\/2024\/08\/per-web-min.jpg","width":2500,"height":1667},{"@type":"BreadcrumbList","@id":"https:\/\/mitrovicagreenfest.com\/sq\/green-fest-14-perfundon-me-sukses\/#breadcrumb","itemListElement":[{"@type":"ListItem","position":1,"name":"Home","item":"https:\/\/mitrovicagreenfest.com\/sq\/faqja-kryesore\/"},{"@type":"ListItem","position":2,"name":"Green Fest 14 p\u00ebrfundon me sukses"}]},{"@type":"WebSite","@id":"https:\/\/mitrovicagreenfest.com\/sq\/#website","url":"https:\/\/mitrovicagreenfest.com\/sq\/","name":"GreenFest","description":"The festival of the year.","publisher":{"@id":"https:\/\/mitrovicagreenfest.com\/sq\/#organization"},"potentialAction":[{"@type":"SearchAction","target":{"@type":"EntryPoint","urlTemplate":"https:\/\/mitrovicagreenfest.com\/sq\/?s={search_term_string}"},"query-input":{"@type":"PropertyValueSpecification","valueRequired":true,"valueName":"search_term_string"}}],"inLanguage":"sq-AL"},{"@type":"Organization","@id":"https:\/\/mitrovicagreenfest.com\/sq\/#organization","name":"GreenFest","url":"https:\/\/mitrovicagreenfest.com\/sq\/","logo":{"@type":"ImageObject","inLanguage":"sq-AL","@id":"https:\/\/mitrovicagreenfest.com\/sq\/#\/schema\/logo\/image\/","url":"https:\/\/mitrovicagreenfest.com\/wp-content\/uploads\/2019\/02\/greenfest-darkaa.png","contentUrl":"https:\/\/mitrovicagreenfest.com\/wp-content\/uploads\/2019\/02\/greenfest-darkaa.png","width":400,"height":402,"caption":"GreenFest"},"image":{"@id":"https:\/\/mitrovicagreenfest.com\/sq\/#\/schema\/logo\/image\/"},"sameAs":["https:\/\/www.facebook.com\/GreenFestt","https:\/\/www.instagram.com\/greenfest.13\/","https:\/\/www.youtube.com\/@greenfestival9066"]},{"@type":"Person","@id":"https:\/\/mitrovicagreenfest.com\/sq\/#\/schema\/person\/fe9156bc01373ef561158e295036c4e6","name":"Green Fest","image":{"@type":"ImageObject","inLanguage":"sq-AL","@id":"https:\/\/secure.gravatar.com\/avatar\/ef299f41eadc167fc497d476ed6adb3b7a5ea0972274fc5a6c3ee8ded5892ceb?s=96&d=mm&r=g","url":"https:\/\/secure.gravatar.com\/avatar\/ef299f41eadc167fc497d476ed6adb3b7a5ea0972274fc5a6c3ee8ded5892ceb?s=96&d=mm&r=g","contentUrl":"https:\/\/secure.gravatar.com\/avatar\/ef299f41eadc167fc497d476ed6adb3b7a5ea0972274fc5a6c3ee8ded5892ceb?s=96&d=mm&r=g","caption":"Green Fest"},"sameAs":["http:\/\/www.mitrovicagreenfest.com"],"url":"https:\/\/mitrovicagreenfest.com\/sq\/author\/diellzajelliqi\/"}]}},"_links":{"self":[{"href":"https:\/\/mitrovicagreenfest.com\/sq\/wp-json\/wp\/v2\/posts\/6030","targetHints":{"allow":["GET"]}}],"collection":[{"href":"https:\/\/mitrovicagreenfest.com\/sq\/wp-json\/wp\/v2\/posts"}],"about":[{"href":"https:\/\/mitrovicagreenfest.com\/sq\/wp-json\/wp\/v2\/types\/post"}],"author":[{"embeddable":true,"href":"https:\/\/mitrovicagreenfest.com\/sq\/wp-json\/wp\/v2\/users\/4"}],"replies":[{"embeddable":true,"href":"https:\/\/mitrovicagreenfest.com\/sq\/wp-json\/wp\/v2\/comments?post=6030"}],"version-history":[{"count":1,"href":"https:\/\/mitrovicagreenfest.com\/sq\/wp-json\/wp\/v2\/posts\/6030\/revisions"}],"predecessor-version":[{"id":6033,"href":"https:\/\/mitrovicagreenfest.com\/sq\/wp-json\/wp\/v2\/posts\/6030\/revisions\/6033"}],"wp:featuredmedia":[{"embeddable":true,"href":"https:\/\/mitrovicagreenfest.com\/sq\/wp-json\/wp\/v2\/media\/6031"}],"wp:attachment":[{"href":"https:\/\/mitrovicagreenfest.com\/sq\/wp-json\/wp\/v2\/media?parent=6030"}],"wp:term":[{"taxonomy":"category","embeddable":true,"href":"https:\/\/mitrovicagreenfest.com\/sq\/wp-json\/wp\/v2\/categories?post=6030"},{"taxonomy":"post_tag","embeddable":true,"href":"https:\/\/mitrovicagreenfest.com\/sq\/wp-json\/wp\/v2\/tags?post=6030"}],"curies":[{"name":"wp","href":"https:\/\/api.w.org\/{rel}","templated":true}]}}