{"id":5488,"date":"2023-06-13T09:10:00","date_gmt":"2023-06-13T09:10:00","guid":{"rendered":"https:\/\/mitrovicagreenfest.com\/?p=5488"},"modified":"2023-07-28T09:11:11","modified_gmt":"2023-07-28T09:11:11","slug":"ekspozite-imagjinata-e-studenteve-mbi-trashegimine-kulturore-te-mitrovices","status":"publish","type":"post","link":"https:\/\/mitrovicagreenfest.com\/sq\/ekspozite-imagjinata-e-studenteve-mbi-trashegimine-kulturore-te-mitrovices\/","title":{"rendered":"Ekspozit\u00eb &#8211; Imagjinata e student\u00ebve mbi trash\u00ebgimin\u00eb kulturore t\u00eb Mitrovic\u00ebs"},"content":{"rendered":"\n<p>Jemi t\u00eb lumtur t\u00eb ju njoftojm\u00eb p\u00ebr ekspozit\u00ebn ton\u00eb &#8220;Imagjinata e student\u00ebve mbi trash\u00ebgimin\u00eb kulturore t\u00eb Mitrovic\u00ebs&#8221;, e cila do t\u00eb hapet n\u00eb dit\u00ebn e tret\u00eb t\u00eb festivalit n\u00eb hap\u00ebsira t\u00eb 7Arte.<\/p>\n\n\n\n<p>P\u00ebrgjat\u00eb k\u00ebtij edicioni do t\u00eb mund t\u00eb shihni pun\u00ebn e student\u00ebve, arkitekt\u00ebve dhe hulumtuesve q\u00eb kan\u00eb eksploruar potencialin e k\u00ebtyre pasurive kulturore dhe arkitektonike.<\/p>\n\n\n\n<p>Ejani q\u00eb t\u00eb m\u00ebsoni m\u00eb shum\u00eb dhe t\u00eb jeni pjes\u00eb e vizionimit t\u00eb trash\u00ebgimis\u00eb dhe zhvillimit t\u00eb q\u00ebndruesh\u00ebm t\u00eb Mitrovic\u00ebs!<\/p>\n\n\n\n<p>Kjo ekspozit\u00eb \u00ebsht\u00eb organizuar n\u00eb bashk\u00ebpunim me Fakultetin e Arkitektur\u00ebs &#8211; Universiteti i Prishtin\u00ebs.<\/p>\n","protected":false},"excerpt":{"rendered":"<p>Jemi t\u00eb lumtur t\u00eb ju njoftojm\u00eb p\u00ebr ekspozit\u00ebn ton\u00eb &#8220;Imagjinata e student\u00ebve mbi trash\u00ebgimin\u00eb kulturore t\u00eb Mitrovic\u00ebs&#8221;, e cila do t\u00eb hapet n\u00eb dit\u00ebn e tret\u00eb t\u00eb festivalit n\u00eb hap\u00ebsira t\u00eb 7Arte. P\u00ebrgjat\u00eb k\u00ebtij edicioni do t\u00eb mund t\u00eb [&hellip;]<\/p>\n","protected":false},"author":4,"featured_media":5377,"comment_status":"closed","ping_status":"open","sticky":false,"template":"","format":"standard","meta":{"footnotes":""},"categories":[107],"tags":[],"class_list":["post-5488","post","type-post","status-publish","format-standard","has-post-thumbnail","hentry","category-lajme"],"yoast_head":"<!-- This site is optimized with the Yoast SEO plugin v27.4 - https:\/\/yoast.com\/product\/yoast-seo-wordpress\/ -->\n<title>Ekspozit\u00eb - Imagjinata e student\u00ebve mbi trash\u00ebgimin\u00eb kulturore t\u00eb Mitrovic\u00ebs - GreenFest<\/title>\n<meta name=\"description\" content=\"Jemi t\u00eb lumtur t\u00eb ju njoftojm\u00eb p\u00ebr ekspozit\u00ebn ton\u00eb &quot;Imagjinata e student\u00ebve mbi trash\u00ebgimin\u00eb kulturore t\u00eb Mitrovic\u00ebs&quot;, e cila do t\u00eb hapet n\u00eb dit\u00ebn e tret\u00eb t\u00eb festivalit n\u00eb hap\u00ebsira t\u00eb 7Arte.\" \/>\n<meta name=\"robots\" content=\"index, follow, max-snippet:-1, max-image-preview:large, max-video-preview:-1\" \/>\n<link rel=\"canonical\" href=\"https:\/\/mitrovicagreenfest.com\/sq\/ekspozite-imagjinata-e-studenteve-mbi-trashegimine-kulturore-te-mitrovices\/\" \/>\n<meta property=\"og:locale\" content=\"sq_AL\" \/>\n<meta property=\"og:type\" content=\"article\" \/>\n<meta property=\"og:title\" content=\"Ekspozit\u00eb - Imagjinata e student\u00ebve mbi trash\u00ebgimin\u00eb kulturore t\u00eb Mitrovic\u00ebs - GreenFest\" \/>\n<meta property=\"og:description\" content=\"Jemi t\u00eb lumtur t\u00eb ju njoftojm\u00eb p\u00ebr ekspozit\u00ebn ton\u00eb &quot;Imagjinata e student\u00ebve mbi trash\u00ebgimin\u00eb kulturore t\u00eb Mitrovic\u00ebs&quot;, e cila do t\u00eb hapet n\u00eb dit\u00ebn e tret\u00eb t\u00eb festivalit n\u00eb hap\u00ebsira t\u00eb 7Arte.\" \/>\n<meta property=\"og:url\" content=\"https:\/\/mitrovicagreenfest.com\/sq\/ekspozite-imagjinata-e-studenteve-mbi-trashegimine-kulturore-te-mitrovices\/\" \/>\n<meta property=\"og:site_name\" content=\"GreenFest\" \/>\n<meta property=\"article:publisher\" content=\"https:\/\/www.facebook.com\/GreenFestt\" \/>\n<meta property=\"article:published_time\" content=\"2023-06-13T09:10:00+00:00\" \/>\n<meta property=\"article:modified_time\" content=\"2023-07-28T09:11:11+00:00\" \/>\n<meta property=\"og:image\" content=\"https:\/\/mitrovicagreenfest.com\/wp-content\/uploads\/2023\/06\/mitro.jpg\" \/>\n\t<meta property=\"og:image:width\" content=\"1260\" \/>\n\t<meta property=\"og:image:height\" content=\"628\" \/>\n\t<meta property=\"og:image:type\" content=\"image\/jpeg\" \/>\n<meta name=\"author\" content=\"Green Fest\" \/>\n<meta name=\"twitter:card\" content=\"summary_large_image\" \/>\n<meta name=\"twitter:label1\" content=\"Written by\" \/>\n\t<meta name=\"twitter:data1\" content=\"Green Fest\" \/>\n\t<meta name=\"twitter:label2\" content=\"Est. reading time\" \/>\n\t<meta name=\"twitter:data2\" content=\"1 minute\" \/>\n<script type=\"application\/ld+json\" class=\"yoast-schema-graph\">{\"@context\":\"https:\\\/\\\/schema.org\",\"@graph\":[{\"@type\":\"Article\",\"@id\":\"https:\\\/\\\/mitrovicagreenfest.com\\\/sq\\\/ekspozite-imagjinata-e-studenteve-mbi-trashegimine-kulturore-te-mitrovices\\\/#article\",\"isPartOf\":{\"@id\":\"https:\\\/\\\/mitrovicagreenfest.com\\\/sq\\\/ekspozite-imagjinata-e-studenteve-mbi-trashegimine-kulturore-te-mitrovices\\\/\"},\"author\":{\"name\":\"Green Fest\",\"@id\":\"https:\\\/\\\/mitrovicagreenfest.com\\\/sq\\\/#\\\/schema\\\/person\\\/fe9156bc01373ef561158e295036c4e6\"},\"headline\":\"Ekspozit\u00eb &#8211; Imagjinata e student\u00ebve mbi trash\u00ebgimin\u00eb kulturore t\u00eb Mitrovic\u00ebs\",\"datePublished\":\"2023-06-13T09:10:00+00:00\",\"dateModified\":\"2023-07-28T09:11:11+00:00\",\"mainEntityOfPage\":{\"@id\":\"https:\\\/\\\/mitrovicagreenfest.com\\\/sq\\\/ekspozite-imagjinata-e-studenteve-mbi-trashegimine-kulturore-te-mitrovices\\\/\"},\"wordCount\":124,\"publisher\":{\"@id\":\"https:\\\/\\\/mitrovicagreenfest.com\\\/sq\\\/#organization\"},\"image\":{\"@id\":\"https:\\\/\\\/mitrovicagreenfest.com\\\/sq\\\/ekspozite-imagjinata-e-studenteve-mbi-trashegimine-kulturore-te-mitrovices\\\/#primaryimage\"},\"thumbnailUrl\":\"https:\\\/\\\/mitrovicagreenfest.com\\\/wp-content\\\/uploads\\\/2023\\\/06\\\/mitro.jpg\",\"articleSection\":[\"Lajme\"],\"inLanguage\":\"sq-AL\"},{\"@type\":\"WebPage\",\"@id\":\"https:\\\/\\\/mitrovicagreenfest.com\\\/sq\\\/ekspozite-imagjinata-e-studenteve-mbi-trashegimine-kulturore-te-mitrovices\\\/\",\"url\":\"https:\\\/\\\/mitrovicagreenfest.com\\\/sq\\\/ekspozite-imagjinata-e-studenteve-mbi-trashegimine-kulturore-te-mitrovices\\\/\",\"name\":\"Ekspozit\u00eb - Imagjinata e student\u00ebve mbi trash\u00ebgimin\u00eb kulturore t\u00eb Mitrovic\u00ebs - GreenFest\",\"isPartOf\":{\"@id\":\"https:\\\/\\\/mitrovicagreenfest.com\\\/sq\\\/#website\"},\"primaryImageOfPage\":{\"@id\":\"https:\\\/\\\/mitrovicagreenfest.com\\\/sq\\\/ekspozite-imagjinata-e-studenteve-mbi-trashegimine-kulturore-te-mitrovices\\\/#primaryimage\"},\"image\":{\"@id\":\"https:\\\/\\\/mitrovicagreenfest.com\\\/sq\\\/ekspozite-imagjinata-e-studenteve-mbi-trashegimine-kulturore-te-mitrovices\\\/#primaryimage\"},\"thumbnailUrl\":\"https:\\\/\\\/mitrovicagreenfest.com\\\/wp-content\\\/uploads\\\/2023\\\/06\\\/mitro.jpg\",\"datePublished\":\"2023-06-13T09:10:00+00:00\",\"dateModified\":\"2023-07-28T09:11:11+00:00\",\"description\":\"Jemi t\u00eb lumtur t\u00eb ju njoftojm\u00eb p\u00ebr ekspozit\u00ebn ton\u00eb \\\"Imagjinata e student\u00ebve mbi trash\u00ebgimin\u00eb kulturore t\u00eb Mitrovic\u00ebs\\\", e cila do t\u00eb hapet n\u00eb dit\u00ebn e tret\u00eb t\u00eb festivalit n\u00eb hap\u00ebsira t\u00eb 7Arte.\",\"breadcrumb\":{\"@id\":\"https:\\\/\\\/mitrovicagreenfest.com\\\/sq\\\/ekspozite-imagjinata-e-studenteve-mbi-trashegimine-kulturore-te-mitrovices\\\/#breadcrumb\"},\"inLanguage\":\"sq-AL\",\"potentialAction\":[{\"@type\":\"ReadAction\",\"target\":[\"https:\\\/\\\/mitrovicagreenfest.com\\\/sq\\\/ekspozite-imagjinata-e-studenteve-mbi-trashegimine-kulturore-te-mitrovices\\\/\"]}]},{\"@type\":\"ImageObject\",\"inLanguage\":\"sq-AL\",\"@id\":\"https:\\\/\\\/mitrovicagreenfest.com\\\/sq\\\/ekspozite-imagjinata-e-studenteve-mbi-trashegimine-kulturore-te-mitrovices\\\/#primaryimage\",\"url\":\"https:\\\/\\\/mitrovicagreenfest.com\\\/wp-content\\\/uploads\\\/2023\\\/06\\\/mitro.jpg\",\"contentUrl\":\"https:\\\/\\\/mitrovicagreenfest.com\\\/wp-content\\\/uploads\\\/2023\\\/06\\\/mitro.jpg\",\"width\":1260,\"height\":628},{\"@type\":\"BreadcrumbList\",\"@id\":\"https:\\\/\\\/mitrovicagreenfest.com\\\/sq\\\/ekspozite-imagjinata-e-studenteve-mbi-trashegimine-kulturore-te-mitrovices\\\/#breadcrumb\",\"itemListElement\":[{\"@type\":\"ListItem\",\"position\":1,\"name\":\"Home\",\"item\":\"https:\\\/\\\/mitrovicagreenfest.com\\\/sq\\\/faqja-kryesore\\\/\"},{\"@type\":\"ListItem\",\"position\":2,\"name\":\"Ekspozit\u00eb &#8211; Imagjinata e student\u00ebve mbi trash\u00ebgimin\u00eb kulturore t\u00eb Mitrovic\u00ebs\"}]},{\"@type\":\"WebSite\",\"@id\":\"https:\\\/\\\/mitrovicagreenfest.com\\\/sq\\\/#website\",\"url\":\"https:\\\/\\\/mitrovicagreenfest.com\\\/sq\\\/\",\"name\":\"GreenFest\",\"description\":\"The festival of the year.\",\"publisher\":{\"@id\":\"https:\\\/\\\/mitrovicagreenfest.com\\\/sq\\\/#organization\"},\"potentialAction\":[{\"@type\":\"SearchAction\",\"target\":{\"@type\":\"EntryPoint\",\"urlTemplate\":\"https:\\\/\\\/mitrovicagreenfest.com\\\/sq\\\/?s={search_term_string}\"},\"query-input\":{\"@type\":\"PropertyValueSpecification\",\"valueRequired\":true,\"valueName\":\"search_term_string\"}}],\"inLanguage\":\"sq-AL\"},{\"@type\":\"Organization\",\"@id\":\"https:\\\/\\\/mitrovicagreenfest.com\\\/sq\\\/#organization\",\"name\":\"GreenFest\",\"url\":\"https:\\\/\\\/mitrovicagreenfest.com\\\/sq\\\/\",\"logo\":{\"@type\":\"ImageObject\",\"inLanguage\":\"sq-AL\",\"@id\":\"https:\\\/\\\/mitrovicagreenfest.com\\\/sq\\\/#\\\/schema\\\/logo\\\/image\\\/\",\"url\":\"https:\\\/\\\/mitrovicagreenfest.com\\\/wp-content\\\/uploads\\\/2019\\\/02\\\/greenfest-darkaa.png\",\"contentUrl\":\"https:\\\/\\\/mitrovicagreenfest.com\\\/wp-content\\\/uploads\\\/2019\\\/02\\\/greenfest-darkaa.png\",\"width\":400,\"height\":402,\"caption\":\"GreenFest\"},\"image\":{\"@id\":\"https:\\\/\\\/mitrovicagreenfest.com\\\/sq\\\/#\\\/schema\\\/logo\\\/image\\\/\"},\"sameAs\":[\"https:\\\/\\\/www.facebook.com\\\/GreenFestt\",\"https:\\\/\\\/www.instagram.com\\\/greenfest.13\\\/\",\"https:\\\/\\\/www.youtube.com\\\/@greenfestival9066\"]},{\"@type\":\"Person\",\"@id\":\"https:\\\/\\\/mitrovicagreenfest.com\\\/sq\\\/#\\\/schema\\\/person\\\/fe9156bc01373ef561158e295036c4e6\",\"name\":\"Green Fest\",\"image\":{\"@type\":\"ImageObject\",\"inLanguage\":\"sq-AL\",\"@id\":\"https:\\\/\\\/secure.gravatar.com\\\/avatar\\\/ef299f41eadc167fc497d476ed6adb3b7a5ea0972274fc5a6c3ee8ded5892ceb?s=96&d=mm&r=g\",\"url\":\"https:\\\/\\\/secure.gravatar.com\\\/avatar\\\/ef299f41eadc167fc497d476ed6adb3b7a5ea0972274fc5a6c3ee8ded5892ceb?s=96&d=mm&r=g\",\"contentUrl\":\"https:\\\/\\\/secure.gravatar.com\\\/avatar\\\/ef299f41eadc167fc497d476ed6adb3b7a5ea0972274fc5a6c3ee8ded5892ceb?s=96&d=mm&r=g\",\"caption\":\"Green Fest\"},\"sameAs\":[\"http:\\\/\\\/www.mitrovicagreenfest.com\"],\"url\":\"https:\\\/\\\/mitrovicagreenfest.com\\\/sq\\\/author\\\/diellzajelliqi\\\/\"}]}<\/script>\n<!-- \/ Yoast SEO plugin. -->","yoast_head_json":{"title":"Ekspozit\u00eb - Imagjinata e student\u00ebve mbi trash\u00ebgimin\u00eb kulturore t\u00eb Mitrovic\u00ebs - GreenFest","description":"Jemi t\u00eb lumtur t\u00eb ju njoftojm\u00eb p\u00ebr ekspozit\u00ebn ton\u00eb \"Imagjinata e student\u00ebve mbi trash\u00ebgimin\u00eb kulturore t\u00eb Mitrovic\u00ebs\", e cila do t\u00eb hapet n\u00eb dit\u00ebn e tret\u00eb t\u00eb festivalit n\u00eb hap\u00ebsira t\u00eb 7Arte.","robots":{"index":"index","follow":"follow","max-snippet":"max-snippet:-1","max-image-preview":"max-image-preview:large","max-video-preview":"max-video-preview:-1"},"canonical":"https:\/\/mitrovicagreenfest.com\/sq\/ekspozite-imagjinata-e-studenteve-mbi-trashegimine-kulturore-te-mitrovices\/","og_locale":"sq_AL","og_type":"article","og_title":"Ekspozit\u00eb - Imagjinata e student\u00ebve mbi trash\u00ebgimin\u00eb kulturore t\u00eb Mitrovic\u00ebs - GreenFest","og_description":"Jemi t\u00eb lumtur t\u00eb ju njoftojm\u00eb p\u00ebr ekspozit\u00ebn ton\u00eb \"Imagjinata e student\u00ebve mbi trash\u00ebgimin\u00eb kulturore t\u00eb Mitrovic\u00ebs\", e cila do t\u00eb hapet n\u00eb dit\u00ebn e tret\u00eb t\u00eb festivalit n\u00eb hap\u00ebsira t\u00eb 7Arte.","og_url":"https:\/\/mitrovicagreenfest.com\/sq\/ekspozite-imagjinata-e-studenteve-mbi-trashegimine-kulturore-te-mitrovices\/","og_site_name":"GreenFest","article_publisher":"https:\/\/www.facebook.com\/GreenFestt","article_published_time":"2023-06-13T09:10:00+00:00","article_modified_time":"2023-07-28T09:11:11+00:00","og_image":[{"width":1260,"height":628,"url":"https:\/\/mitrovicagreenfest.com\/wp-content\/uploads\/2023\/06\/mitro.jpg","type":"image\/jpeg"}],"author":"Green Fest","twitter_card":"summary_large_image","twitter_misc":{"Written by":"Green Fest","Est. reading time":"1 minute"},"schema":{"@context":"https:\/\/schema.org","@graph":[{"@type":"Article","@id":"https:\/\/mitrovicagreenfest.com\/sq\/ekspozite-imagjinata-e-studenteve-mbi-trashegimine-kulturore-te-mitrovices\/#article","isPartOf":{"@id":"https:\/\/mitrovicagreenfest.com\/sq\/ekspozite-imagjinata-e-studenteve-mbi-trashegimine-kulturore-te-mitrovices\/"},"author":{"name":"Green Fest","@id":"https:\/\/mitrovicagreenfest.com\/sq\/#\/schema\/person\/fe9156bc01373ef561158e295036c4e6"},"headline":"Ekspozit\u00eb &#8211; Imagjinata e student\u00ebve mbi trash\u00ebgimin\u00eb kulturore t\u00eb Mitrovic\u00ebs","datePublished":"2023-06-13T09:10:00+00:00","dateModified":"2023-07-28T09:11:11+00:00","mainEntityOfPage":{"@id":"https:\/\/mitrovicagreenfest.com\/sq\/ekspozite-imagjinata-e-studenteve-mbi-trashegimine-kulturore-te-mitrovices\/"},"wordCount":124,"publisher":{"@id":"https:\/\/mitrovicagreenfest.com\/sq\/#organization"},"image":{"@id":"https:\/\/mitrovicagreenfest.com\/sq\/ekspozite-imagjinata-e-studenteve-mbi-trashegimine-kulturore-te-mitrovices\/#primaryimage"},"thumbnailUrl":"https:\/\/mitrovicagreenfest.com\/wp-content\/uploads\/2023\/06\/mitro.jpg","articleSection":["Lajme"],"inLanguage":"sq-AL"},{"@type":"WebPage","@id":"https:\/\/mitrovicagreenfest.com\/sq\/ekspozite-imagjinata-e-studenteve-mbi-trashegimine-kulturore-te-mitrovices\/","url":"https:\/\/mitrovicagreenfest.com\/sq\/ekspozite-imagjinata-e-studenteve-mbi-trashegimine-kulturore-te-mitrovices\/","name":"Ekspozit\u00eb - Imagjinata e student\u00ebve mbi trash\u00ebgimin\u00eb kulturore t\u00eb Mitrovic\u00ebs - GreenFest","isPartOf":{"@id":"https:\/\/mitrovicagreenfest.com\/sq\/#website"},"primaryImageOfPage":{"@id":"https:\/\/mitrovicagreenfest.com\/sq\/ekspozite-imagjinata-e-studenteve-mbi-trashegimine-kulturore-te-mitrovices\/#primaryimage"},"image":{"@id":"https:\/\/mitrovicagreenfest.com\/sq\/ekspozite-imagjinata-e-studenteve-mbi-trashegimine-kulturore-te-mitrovices\/#primaryimage"},"thumbnailUrl":"https:\/\/mitrovicagreenfest.com\/wp-content\/uploads\/2023\/06\/mitro.jpg","datePublished":"2023-06-13T09:10:00+00:00","dateModified":"2023-07-28T09:11:11+00:00","description":"Jemi t\u00eb lumtur t\u00eb ju njoftojm\u00eb p\u00ebr ekspozit\u00ebn ton\u00eb \"Imagjinata e student\u00ebve mbi trash\u00ebgimin\u00eb kulturore t\u00eb Mitrovic\u00ebs\", e cila do t\u00eb hapet n\u00eb dit\u00ebn e tret\u00eb t\u00eb festivalit n\u00eb hap\u00ebsira t\u00eb 7Arte.","breadcrumb":{"@id":"https:\/\/mitrovicagreenfest.com\/sq\/ekspozite-imagjinata-e-studenteve-mbi-trashegimine-kulturore-te-mitrovices\/#breadcrumb"},"inLanguage":"sq-AL","potentialAction":[{"@type":"ReadAction","target":["https:\/\/mitrovicagreenfest.com\/sq\/ekspozite-imagjinata-e-studenteve-mbi-trashegimine-kulturore-te-mitrovices\/"]}]},{"@type":"ImageObject","inLanguage":"sq-AL","@id":"https:\/\/mitrovicagreenfest.com\/sq\/ekspozite-imagjinata-e-studenteve-mbi-trashegimine-kulturore-te-mitrovices\/#primaryimage","url":"https:\/\/mitrovicagreenfest.com\/wp-content\/uploads\/2023\/06\/mitro.jpg","contentUrl":"https:\/\/mitrovicagreenfest.com\/wp-content\/uploads\/2023\/06\/mitro.jpg","width":1260,"height":628},{"@type":"BreadcrumbList","@id":"https:\/\/mitrovicagreenfest.com\/sq\/ekspozite-imagjinata-e-studenteve-mbi-trashegimine-kulturore-te-mitrovices\/#breadcrumb","itemListElement":[{"@type":"ListItem","position":1,"name":"Home","item":"https:\/\/mitrovicagreenfest.com\/sq\/faqja-kryesore\/"},{"@type":"ListItem","position":2,"name":"Ekspozit\u00eb &#8211; Imagjinata e student\u00ebve mbi trash\u00ebgimin\u00eb kulturore t\u00eb Mitrovic\u00ebs"}]},{"@type":"WebSite","@id":"https:\/\/mitrovicagreenfest.com\/sq\/#website","url":"https:\/\/mitrovicagreenfest.com\/sq\/","name":"GreenFest","description":"The festival of the year.","publisher":{"@id":"https:\/\/mitrovicagreenfest.com\/sq\/#organization"},"potentialAction":[{"@type":"SearchAction","target":{"@type":"EntryPoint","urlTemplate":"https:\/\/mitrovicagreenfest.com\/sq\/?s={search_term_string}"},"query-input":{"@type":"PropertyValueSpecification","valueRequired":true,"valueName":"search_term_string"}}],"inLanguage":"sq-AL"},{"@type":"Organization","@id":"https:\/\/mitrovicagreenfest.com\/sq\/#organization","name":"GreenFest","url":"https:\/\/mitrovicagreenfest.com\/sq\/","logo":{"@type":"ImageObject","inLanguage":"sq-AL","@id":"https:\/\/mitrovicagreenfest.com\/sq\/#\/schema\/logo\/image\/","url":"https:\/\/mitrovicagreenfest.com\/wp-content\/uploads\/2019\/02\/greenfest-darkaa.png","contentUrl":"https:\/\/mitrovicagreenfest.com\/wp-content\/uploads\/2019\/02\/greenfest-darkaa.png","width":400,"height":402,"caption":"GreenFest"},"image":{"@id":"https:\/\/mitrovicagreenfest.com\/sq\/#\/schema\/logo\/image\/"},"sameAs":["https:\/\/www.facebook.com\/GreenFestt","https:\/\/www.instagram.com\/greenfest.13\/","https:\/\/www.youtube.com\/@greenfestival9066"]},{"@type":"Person","@id":"https:\/\/mitrovicagreenfest.com\/sq\/#\/schema\/person\/fe9156bc01373ef561158e295036c4e6","name":"Green Fest","image":{"@type":"ImageObject","inLanguage":"sq-AL","@id":"https:\/\/secure.gravatar.com\/avatar\/ef299f41eadc167fc497d476ed6adb3b7a5ea0972274fc5a6c3ee8ded5892ceb?s=96&d=mm&r=g","url":"https:\/\/secure.gravatar.com\/avatar\/ef299f41eadc167fc497d476ed6adb3b7a5ea0972274fc5a6c3ee8ded5892ceb?s=96&d=mm&r=g","contentUrl":"https:\/\/secure.gravatar.com\/avatar\/ef299f41eadc167fc497d476ed6adb3b7a5ea0972274fc5a6c3ee8ded5892ceb?s=96&d=mm&r=g","caption":"Green Fest"},"sameAs":["http:\/\/www.mitrovicagreenfest.com"],"url":"https:\/\/mitrovicagreenfest.com\/sq\/author\/diellzajelliqi\/"}]}},"_links":{"self":[{"href":"https:\/\/mitrovicagreenfest.com\/sq\/wp-json\/wp\/v2\/posts\/5488","targetHints":{"allow":["GET"]}}],"collection":[{"href":"https:\/\/mitrovicagreenfest.com\/sq\/wp-json\/wp\/v2\/posts"}],"about":[{"href":"https:\/\/mitrovicagreenfest.com\/sq\/wp-json\/wp\/v2\/types\/post"}],"author":[{"embeddable":true,"href":"https:\/\/mitrovicagreenfest.com\/sq\/wp-json\/wp\/v2\/users\/4"}],"replies":[{"embeddable":true,"href":"https:\/\/mitrovicagreenfest.com\/sq\/wp-json\/wp\/v2\/comments?post=5488"}],"version-history":[{"count":1,"href":"https:\/\/mitrovicagreenfest.com\/sq\/wp-json\/wp\/v2\/posts\/5488\/revisions"}],"predecessor-version":[{"id":5489,"href":"https:\/\/mitrovicagreenfest.com\/sq\/wp-json\/wp\/v2\/posts\/5488\/revisions\/5489"}],"wp:featuredmedia":[{"embeddable":true,"href":"https:\/\/mitrovicagreenfest.com\/sq\/wp-json\/wp\/v2\/media\/5377"}],"wp:attachment":[{"href":"https:\/\/mitrovicagreenfest.com\/sq\/wp-json\/wp\/v2\/media?parent=5488"}],"wp:term":[{"taxonomy":"category","embeddable":true,"href":"https:\/\/mitrovicagreenfest.com\/sq\/wp-json\/wp\/v2\/categories?post=5488"},{"taxonomy":"post_tag","embeddable":true,"href":"https:\/\/mitrovicagreenfest.com\/sq\/wp-json\/wp\/v2\/tags?post=5488"}],"curies":[{"name":"wp","href":"https:\/\/api.w.org\/{rel}","templated":true}]}}